{"id":244,"date":"2007-03-21T11:30:48","date_gmt":"2007-03-21T10:30:48","guid":{"rendered":"http:\/\/www.bluiswelt.de\/blog\/2007\/03\/20\/244\/"},"modified":"2007-03-21T14:29:37","modified_gmt":"2007-03-21T13:29:37","slug":"ich-und-so","status":"publish","type":"post","link":"https:\/\/blog.bluiswelt.de\/?p=244","title":{"rendered":"Ich und so&#8230;."},"content":{"rendered":"<p>Zum Welttag der Poesie habe ich einmal ein wenig was von mir gegeben:<\/p>\n<p><strong>Der Fr\u00fchling naht<\/strong><\/p>\n<p>ich sitze hier und schreib viel Mist<\/p>\n<p>ich w\u00fcnsche mir das sonnig ist.<\/p>\n<p>Der Winter muss nun langsam gehen<\/p>\n<p>ich m\u00f6chte bunte Bl\u00fcmchen sehen.<\/p>\n<p>Die V\u00f6gel zwischern\u00a0laut und hell<\/p>\n<p>erwachen geht nun wieder schnell.<\/p>\n<p>Und jeder der hier lesen kann<\/p>\n<p>nun auch mal was zu sagen kann.<\/p>\n<p>\u00a0<\/p>\n","protected":false},"excerpt":{"rendered":"<p>Zum Welttag der Poesie habe ich einmal ein wenig was von mir gegeben: Der Fr\u00fchling naht ich sitze hier und schreib viel Mist ich w\u00fcnsche mir das sonnig ist. Der Winter muss nun langsam gehen ich m\u00f6chte bunte Bl\u00fcmchen sehen. Die V\u00f6gel zwischern\u00a0laut und hell erwachen geht nun wieder schnell. Und jeder der hier lesen [&hellip;]<\/p>\n","protected":false},"author":2,"featured_media":0,"comment_status":"open","ping_status":"open","sticky":false,"template":"","format":"standard","meta":{"spay_email":"","jetpack_publicize_message":"","jetpack_is_tweetstorm":false},"categories":[13],"tags":[],"jetpack_featured_media_url":"","jetpack_publicize_connections":[],"jetpack_sharing_enabled":true,"_links":{"self":[{"href":"https:\/\/blog.bluiswelt.de\/index.php?rest_route=\/wp\/v2\/posts\/244"}],"collection":[{"href":"https:\/\/blog.bluiswelt.de\/index.php?rest_route=\/wp\/v2\/posts"}],"about":[{"href":"https:\/\/blog.bluiswelt.de\/index.php?rest_route=\/wp\/v2\/types\/post"}],"author":[{"embeddable":true,"href":"https:\/\/blog.bluiswelt.de\/index.php?rest_route=\/wp\/v2\/users\/2"}],"replies":[{"embeddable":true,"href":"https:\/\/blog.bluiswelt.de\/index.php?rest_route=%2Fwp%2Fv2%2Fcomments&post=244"}],"version-history":[{"count":0,"href":"https:\/\/blog.bluiswelt.de\/index.php?rest_route=\/wp\/v2\/posts\/244\/revisions"}],"wp:attachment":[{"href":"https:\/\/blog.bluiswelt.de\/index.php?rest_route=%2Fwp%2Fv2%2Fmedia&parent=244"}],"wp:term":[{"taxonomy":"category","embeddable":true,"href":"https:\/\/blog.bluiswelt.de\/index.php?rest_route=%2Fwp%2Fv2%2Fcategories&post=244"},{"taxonomy":"post_tag","embeddable":true,"href":"https:\/\/blog.bluiswelt.de\/index.php?rest_route=%2Fwp%2Fv2%2Ftags&post=244"}],"curies":[{"name":"wp","href":"https:\/\/api.w.org\/{rel}","templated":true}]}}