{"id":171,"date":"2007-02-08T21:34:25","date_gmt":"2007-02-08T20:34:25","guid":{"rendered":"http:\/\/cn2480547.coolnic.de\/blog\/2007\/02\/08\/171\/"},"modified":"2007-02-08T21:47:45","modified_gmt":"2007-02-08T20:47:45","slug":"die-farbe-meiner-seele","status":"publish","type":"post","link":"https:\/\/blog.bluiswelt.de\/?p=171","title":{"rendered":"Die Farbe meiner Seele"},"content":{"rendered":"<p>Ihre Seele hat die Farbe Gr\u00fcn.<br \/>\nWas bedeutet die Farbe Gr\u00fcn in ihrem Leben? Verbinden Sie etwas Gr\u00fcnes mit sich selbst? Die Natur, ein Kleidungsst\u00fcck oder ein Lied? Gr\u00fcn ist die Farbe von Neid, von der Naturkraft. Sie haben einige negative Eigenschaften, aber sie haben auch genauso viele positive Eigenschaften, die sie nutzen sollten! Achten Sie auf gr\u00fcne Gegenst\u00e4nde und reagieren Sie positiv, ihre Seele arbeiten mit Ihnen, nicht gegen Sie!<\/p>\n<p>Gefunden <a href=\"http:\/\/www.testedich.de\/quiz18\/quizpu.php?testid=1137792027&#038;katname=Welcher%20Farbtyp%20bist%20du?\">hier<\/a><\/p>\n","protected":false},"excerpt":{"rendered":"<p>Ihre Seele hat die Farbe Gr\u00fcn. Was bedeutet die Farbe Gr\u00fcn in ihrem Leben? Verbinden Sie etwas Gr\u00fcnes mit sich selbst? Die Natur, ein Kleidungsst\u00fcck oder ein Lied? Gr\u00fcn ist die Farbe von Neid, von der Naturkraft. Sie haben einige negative Eigenschaften, aber sie haben auch genauso viele positive Eigenschaften, die sie nutzen sollten! Achten [&hellip;]<\/p>\n","protected":false},"author":2,"featured_media":0,"comment_status":"open","ping_status":"open","sticky":false,"template":"","format":"standard","meta":{"spay_email":"","jetpack_publicize_message":"","jetpack_is_tweetstorm":false},"categories":[5],"tags":[],"jetpack_featured_media_url":"","jetpack_publicize_connections":[],"jetpack_sharing_enabled":true,"_links":{"self":[{"href":"https:\/\/blog.bluiswelt.de\/index.php?rest_route=\/wp\/v2\/posts\/171"}],"collection":[{"href":"https:\/\/blog.bluiswelt.de\/index.php?rest_route=\/wp\/v2\/posts"}],"about":[{"href":"https:\/\/blog.bluiswelt.de\/index.php?rest_route=\/wp\/v2\/types\/post"}],"author":[{"embeddable":true,"href":"https:\/\/blog.bluiswelt.de\/index.php?rest_route=\/wp\/v2\/users\/2"}],"replies":[{"embeddable":true,"href":"https:\/\/blog.bluiswelt.de\/index.php?rest_route=%2Fwp%2Fv2%2Fcomments&post=171"}],"version-history":[{"count":0,"href":"https:\/\/blog.bluiswelt.de\/index.php?rest_route=\/wp\/v2\/posts\/171\/revisions"}],"wp:attachment":[{"href":"https:\/\/blog.bluiswelt.de\/index.php?rest_route=%2Fwp%2Fv2%2Fmedia&parent=171"}],"wp:term":[{"taxonomy":"category","embeddable":true,"href":"https:\/\/blog.bluiswelt.de\/index.php?rest_route=%2Fwp%2Fv2%2Fcategories&post=171"},{"taxonomy":"post_tag","embeddable":true,"href":"https:\/\/blog.bluiswelt.de\/index.php?rest_route=%2Fwp%2Fv2%2Ftags&post=171"}],"curies":[{"name":"wp","href":"https:\/\/api.w.org\/{rel}","templated":true}]}}