{"id":423,"date":"2008-06-17T13:02:07","date_gmt":"2008-06-17T12:02:07","guid":{"rendered":"http:\/\/blog.bluiswelt.de\/?p=423"},"modified":"2019-12-30T13:08:26","modified_gmt":"2019-12-30T12:08:26","slug":"post-will-viele-filialen-schliesen","status":"publish","type":"post","link":"http:\/\/blog.bluiswelt.de\/?p=423","title":{"rendered":"Post will viele Filialen schlie\u00dfen&#8230;."},"content":{"rendered":"<p>so stand es vor wenigen Tagen in der Zeitung.<\/p>\n<p>Aber scheinbar nicht nur da sollen Arbeitspl\u00e4tze abgebaut werden, scheinbar auch bei den Paketzustellern werden die Gebiete wohl immer gr\u00f6\u00dfer.<\/p>\n<p>Wie sonst ist es zu verstehen wenn man im Briefkasten eine dieser roten Benachrichtigungsk\u00e4rtchen findet und man kaum seinen Augen glaub wenn man dieses liest.<\/p>\n<p>Einige von euch werden sich sicherlich noch an die K\u00e4rtchen von fr\u00fcher erinneren, damals noch mit 2 Feldern f\u00fcr den Abholungshinweis. Einer von denen war &#8222;Heute nicht&#8220; und ein anderer war &#8222;Heute, aber nicht vor&#8230;. Uhr&#8220;. Dort hat der Zusteller dann meist eine <em>15<\/em> hin geschrieben.<\/p>\n<p>Heute findet sich auf diesen K\u00e4rtchen nur noch ein Hinweis, dieser lautet (servicew\u00fcste Deutschland l\u00e4sst gr\u00fc\u00dfen) &#8222;Abholung am folgenden Werktag, ab &#8230; Uhr.<\/p>\n<p>Wenn dort nun eine &#8222;9&#8220; stehen w\u00fcrde w\u00e4re das ja garnicht so schlimm. Aber bei mir steht dort &#8222;<strong><em>17:00<\/em><\/strong>&#8220; Uhr&#8230;.Ja, genau&#8230; 17 Uhr&#8230; 5 Uhr nachmittags.<\/p>\n<p><a href=\"http:\/\/blog.bluiswelt.de\/wp-content\/uploads\/2008\/06\/paketkarte.jpg\"><img loading=\"lazy\" class=\"alignnone size-medium wp-image-424\" title=\"paketkarte\" src=\"http:\/\/blog.bluiswelt.de\/wp-content\/uploads\/2008\/06\/paketkarte-300x85.jpg\" alt=\"\" width=\"577\" height=\"157\" \/><\/a><\/p>\n<p>Was genau macht der Paketzusteller denn solange mit dem Paket? Kommt das erst nochmal nach Frankfurt und zur\u00fcck oder ist besagtes Postamt inzwischen so gro\u00df das dort das einsortieren in die einzelnen Regale einen ganzen Tag dauert?<\/p>\n<p>Wenn ich sowas sehe w\u00fcnsche ich mir manchmal direkt das es einen gro\u00dfen Knall gibt und &#8230;..<\/p>\n<p>Mal ganz abgesehen von der Frage warum der Zusteller das Paket nicht in die 100 Meter von der Filiale entfernten <a title=\"Packstation\" href=\"http:\/\/www.dhl.de\/dhl?lang=de_DE&amp;xmlFile=53008\" target=\"_blank\" rel=\"noopener noreferrer\">Packstation<\/a> eingelagert hat.\u00a0 Oder brauchen die daf\u00fcr eine besondere Einweisung die nur ein Zusteller pro Stadt hat?<\/p>\n<p>\u00a0<\/p>\n","protected":false},"excerpt":{"rendered":"<p>so stand es vor wenigen Tagen in der Zeitung. Aber scheinbar nicht nur da sollen Arbeitspl\u00e4tze abgebaut werden, scheinbar auch bei den Paketzustellern werden die Gebiete wohl immer gr\u00f6\u00dfer. Wie sonst ist es zu verstehen wenn man im Briefkasten eine dieser roten Benachrichtigungsk\u00e4rtchen findet und man kaum seinen Augen glaub wenn man dieses liest. Einige [&hellip;]<\/p>\n","protected":false},"author":2,"featured_media":0,"comment_status":"closed","ping_status":"open","sticky":false,"template":"","format":"standard","meta":{"spay_email":"","jetpack_publicize_message":"","jetpack_is_tweetstorm":false},"categories":[20,94],"tags":[97,96,95],"jetpack_featured_media_url":"","jetpack_publicize_connections":[],"jetpack_sharing_enabled":true,"_links":{"self":[{"href":"http:\/\/blog.bluiswelt.de\/index.php?rest_route=\/wp\/v2\/posts\/423"}],"collection":[{"href":"http:\/\/blog.bluiswelt.de\/index.php?rest_route=\/wp\/v2\/posts"}],"about":[{"href":"http:\/\/blog.bluiswelt.de\/index.php?rest_route=\/wp\/v2\/types\/post"}],"author":[{"embeddable":true,"href":"http:\/\/blog.bluiswelt.de\/index.php?rest_route=\/wp\/v2\/users\/2"}],"replies":[{"embeddable":true,"href":"http:\/\/blog.bluiswelt.de\/index.php?rest_route=%2Fwp%2Fv2%2Fcomments&post=423"}],"version-history":[{"count":1,"href":"http:\/\/blog.bluiswelt.de\/index.php?rest_route=\/wp\/v2\/posts\/423\/revisions"}],"predecessor-version":[{"id":560,"href":"http:\/\/blog.bluiswelt.de\/index.php?rest_route=\/wp\/v2\/posts\/423\/revisions\/560"}],"wp:attachment":[{"href":"http:\/\/blog.bluiswelt.de\/index.php?rest_route=%2Fwp%2Fv2%2Fmedia&parent=423"}],"wp:term":[{"taxonomy":"category","embeddable":true,"href":"http:\/\/blog.bluiswelt.de\/index.php?rest_route=%2Fwp%2Fv2%2Fcategories&post=423"},{"taxonomy":"post_tag","embeddable":true,"href":"http:\/\/blog.bluiswelt.de\/index.php?rest_route=%2Fwp%2Fv2%2Ftags&post=423"}],"curies":[{"name":"wp","href":"https:\/\/api.w.org\/{rel}","templated":true}]}}