{"id":367,"date":"2007-08-29T14:57:38","date_gmt":"2007-08-29T12:57:38","guid":{"rendered":"http:\/\/blog.bluiswelt.de\/?p=367"},"modified":"2019-12-30T13:10:23","modified_gmt":"2019-12-30T12:10:23","slug":"wochenendfotos","status":"publish","type":"post","link":"http:\/\/blog.bluiswelt.de\/?p=367","title":{"rendered":"Wochenendfotos"},"content":{"rendered":"<p>Nachdem hier Stimmen nach Bildern vom Wochenende laut geworden habe ich mal ein paar zusammen gesucht .<\/p>\n<p>Dieses hier ist nat\u00fcrlich nur eine kleine Auswahl, ich m\u00f6chte meinen Blog ja nicht mit haufenweise (f\u00fcr euch vermutlich nicht ganz so interessanten) Bildern f\u00fcllen.<\/p>\n<p><!--more--><\/p>\n<p>Zur gr\u00f6\u00dferen Ansicht die Bilder anklicken.<\/p>\n<p><a href=\"http:\/\/home.arcor.de\/blui\/weltblogbilder\/IMGP0149.JPG\"><img title=\"Geburtstagskuchen\" src=\"http:\/\/home.arcor.de\/blui\/weltblogbilder\/T_IMGP0149.JPG\" alt=\"Geburtstagskuchen\" \/><\/a><\/p>\n<p>Geburtstagskuchen um Mitternacht<\/p>\n<p><a href=\"http:\/\/home.arcor.de\/blui\/weltblogbilder\/IMGP0178.JPG\"><img title=\"Fr\u00fchst\u00fcck\" src=\"http:\/\/home.arcor.de\/blui\/weltblogbilder\/T_IMGP0178.JPG\" alt=\"Fr\u00fchst\u00fcck\" \/><\/a><\/p>\n<p>Fr\u00fchst\u00fcck<\/p>\n<p><a href=\"http:\/\/home.arcor.de\/blui\/weltblogbilder\/IMGP0287.JPG\"><img title=\"Enten-Testfoto\" src=\"http:\/\/home.arcor.de\/blui\/weltblogbilder\/T_IMGP0287.JPG\" alt=\"Enten-Testfoto\" \/><\/a><\/p>\n<p>Enten-Testfoto<\/p>\n<p><a href=\"http:\/\/home.arcor.de\/blui\/weltblogbilder\/IMGP0344.JPG\"><img title=\"Ente in Pose\" src=\"http:\/\/home.arcor.de\/blui\/weltblogbilder\/T_IMGP0344.JPG\" alt=\"Ente in Pose\" \/><\/a><\/p>\n<p>Ente in Pose<\/p>\n<p><a href=\"http:\/\/home.arcor.de\/blui\/weltblogbilder\/IMGP0434.JPG\"><img title=\"Futterkarten\" src=\"http:\/\/home.arcor.de\/blui\/weltblogbilder\/T_IMGP0434.JPG\" alt=\"Futterkarten\" \/><\/a><\/p>\n<p>Einladung zum Essen f\u00fcr alle G\u00e4ste und ich bezahle<\/p>\n<p>Sonntags gab es dann diverse Fotos durch den Besuch des Schadowstra\u00dfenfestes<\/p>\n<p><a href=\"http:\/\/home.arcor.de\/blui\/weltblogbilder\/IMGP0651.JPG\"><img title=\"Still Collins\" src=\"http:\/\/home.arcor.de\/blui\/weltblogbilder\/T_IMGP0651.JPG\" alt=\"Still Collins\" \/><\/a><\/p>\n<p>Still Collins<\/p>\n<p><a href=\"http:\/\/home.arcor.de\/blui\/weltblogbilder\/IMGP1156.JPG\"><img title=\"Tribute for Supertramp\" src=\"http:\/\/home.arcor.de\/blui\/weltblogbilder\/T_IMGP1156.JPG\" alt=\"Tribute for Supertramp\" \/><\/a><\/p>\n<p>Tribute for Supertramp<\/p>\n<p><a href=\"http:\/\/home.arcor.de\/blui\/weltblogbilder\/IMGP1271.JPG\"><img title=\"The Candidates\" src=\"http:\/\/home.arcor.de\/blui\/weltblogbilder\/T_IMGP1271.JPG\" alt=\"The Candidates\" \/><\/a><\/p>\n<p>Bassist der Candidates<\/p>\n<p><a href=\"http:\/\/home.arcor.de\/blui\/weltblogbilder\/IMGP1345.JPG\"><img title=\"Chris Platte \/ The Candidates\" src=\"http:\/\/home.arcor.de\/blui\/weltblogbilder\/T_IMGP1345.JPG\" alt=\"Chris Platte \/ The Candidates\" \/><\/a><\/p>\n<p>Chris, der S\u00e4nger der Candidates<\/p>\n<p><a href=\"http:\/\/home.arcor.de\/blui\/weltblogbilder\/IMGP1372.JPG\"><img title=\"Chris und Fan\" src=\"http:\/\/home.arcor.de\/blui\/weltblogbilder\/T_IMGP1372.JPG\" alt=\"Chris und Fan\" \/><\/a><\/p>\n<p>Chris mit Gesangsvertretung durch einen Fan \ud83d\ude09<\/p>\n","protected":false},"excerpt":{"rendered":"<p>Nachdem hier Stimmen nach Bildern vom Wochenende laut geworden habe ich mal ein paar zusammen gesucht . Dieses hier ist nat\u00fcrlich nur eine kleine Auswahl, ich m\u00f6chte meinen Blog ja nicht mit haufenweise (f\u00fcr euch vermutlich nicht ganz so interessanten) Bildern f\u00fcllen.<\/p>\n","protected":false},"author":2,"featured_media":0,"comment_status":"closed","ping_status":"open","sticky":false,"template":"","format":"standard","meta":{"spay_email":"","jetpack_publicize_message":"","jetpack_is_tweetstorm":false},"categories":[34,36,2],"tags":[53,54],"jetpack_featured_media_url":"","jetpack_publicize_connections":[],"jetpack_sharing_enabled":true,"_links":{"self":[{"href":"http:\/\/blog.bluiswelt.de\/index.php?rest_route=\/wp\/v2\/posts\/367"}],"collection":[{"href":"http:\/\/blog.bluiswelt.de\/index.php?rest_route=\/wp\/v2\/posts"}],"about":[{"href":"http:\/\/blog.bluiswelt.de\/index.php?rest_route=\/wp\/v2\/types\/post"}],"author":[{"embeddable":true,"href":"http:\/\/blog.bluiswelt.de\/index.php?rest_route=\/wp\/v2\/users\/2"}],"replies":[{"embeddable":true,"href":"http:\/\/blog.bluiswelt.de\/index.php?rest_route=%2Fwp%2Fv2%2Fcomments&post=367"}],"version-history":[{"count":1,"href":"http:\/\/blog.bluiswelt.de\/index.php?rest_route=\/wp\/v2\/posts\/367\/revisions"}],"predecessor-version":[{"id":610,"href":"http:\/\/blog.bluiswelt.de\/index.php?rest_route=\/wp\/v2\/posts\/367\/revisions\/610"}],"wp:attachment":[{"href":"http:\/\/blog.bluiswelt.de\/index.php?rest_route=%2Fwp%2Fv2%2Fmedia&parent=367"}],"wp:term":[{"taxonomy":"category","embeddable":true,"href":"http:\/\/blog.bluiswelt.de\/index.php?rest_route=%2Fwp%2Fv2%2Fcategories&post=367"},{"taxonomy":"post_tag","embeddable":true,"href":"http:\/\/blog.bluiswelt.de\/index.php?rest_route=%2Fwp%2Fv2%2Ftags&post=367"}],"curies":[{"name":"wp","href":"https:\/\/api.w.org\/{rel}","templated":true}]}}