{"id":354,"date":"2007-07-28T19:54:22","date_gmt":"2007-07-28T17:54:22","guid":{"rendered":"http:\/\/blog.bluiswelt.de\/?p=354"},"modified":"2019-12-30T13:10:23","modified_gmt":"2019-12-30T12:10:23","slug":"das-groste-bloggertreffen-alle-zeiten","status":"publish","type":"post","link":"http:\/\/blog.bluiswelt.de\/?p=354","title":{"rendered":"Das gr\u00f6\u00dfte Bloggertreffen alle Zeiten"},"content":{"rendered":"<p>So h\u00e4tte es genannt werden k\u00f6nnen, das n\u00e4chste Bloggertreffen.<\/p>\n<p>Dummerweise haben aber nun 4 Personen daf\u00fcr gestimmt das Treffen doch an einem Freitag stattfinden zu lassen und nicht an einem Donnerstag, geschweige dann am 23. August.<\/p>\n<p>Allerdings hat niemand der 4 &#8222;Freitags-Abstimmern&#8220; einen anderen Termin vorgeschlagen.<\/p>\n<p>Also beschlie\u00dfe ich hiermit, sollte sich bis morgen (Sonntag) abend nicht wenigstens noch einer zu einem anderen Termin \u00e4u\u00dfern ich mich trotz Abstimmung f\u00fcr den 23. August entscheide.<\/p>\n<p>Also, hat jemand eine Meinung? Dann bitte <strong>jetzt!<\/strong> \ud83d\ude09<\/p>\n","protected":false},"excerpt":{"rendered":"<p>So h\u00e4tte es genannt werden k\u00f6nnen, das n\u00e4chste Bloggertreffen. Dummerweise haben aber nun 4 Personen daf\u00fcr gestimmt das Treffen doch an einem Freitag stattfinden zu lassen und nicht an einem Donnerstag, geschweige dann am 23. August. Allerdings hat niemand der 4 &#8222;Freitags-Abstimmern&#8220; einen anderen Termin vorgeschlagen. Also beschlie\u00dfe ich hiermit, sollte sich bis morgen (Sonntag) [&hellip;]<\/p>\n","protected":false},"author":2,"featured_media":0,"comment_status":"closed","ping_status":"open","sticky":false,"template":"","format":"standard","meta":{"spay_email":"","jetpack_publicize_message":"","jetpack_is_tweetstorm":false},"categories":[34,33],"tags":[],"jetpack_featured_media_url":"","jetpack_publicize_connections":[],"jetpack_sharing_enabled":true,"_links":{"self":[{"href":"http:\/\/blog.bluiswelt.de\/index.php?rest_route=\/wp\/v2\/posts\/354"}],"collection":[{"href":"http:\/\/blog.bluiswelt.de\/index.php?rest_route=\/wp\/v2\/posts"}],"about":[{"href":"http:\/\/blog.bluiswelt.de\/index.php?rest_route=\/wp\/v2\/types\/post"}],"author":[{"embeddable":true,"href":"http:\/\/blog.bluiswelt.de\/index.php?rest_route=\/wp\/v2\/users\/2"}],"replies":[{"embeddable":true,"href":"http:\/\/blog.bluiswelt.de\/index.php?rest_route=%2Fwp%2Fv2%2Fcomments&post=354"}],"version-history":[{"count":1,"href":"http:\/\/blog.bluiswelt.de\/index.php?rest_route=\/wp\/v2\/posts\/354\/revisions"}],"predecessor-version":[{"id":623,"href":"http:\/\/blog.bluiswelt.de\/index.php?rest_route=\/wp\/v2\/posts\/354\/revisions\/623"}],"wp:attachment":[{"href":"http:\/\/blog.bluiswelt.de\/index.php?rest_route=%2Fwp%2Fv2%2Fmedia&parent=354"}],"wp:term":[{"taxonomy":"category","embeddable":true,"href":"http:\/\/blog.bluiswelt.de\/index.php?rest_route=%2Fwp%2Fv2%2Fcategories&post=354"},{"taxonomy":"post_tag","embeddable":true,"href":"http:\/\/blog.bluiswelt.de\/index.php?rest_route=%2Fwp%2Fv2%2Ftags&post=354"}],"curies":[{"name":"wp","href":"https:\/\/api.w.org\/{rel}","templated":true}]}}