{"id":341,"date":"2007-07-12T14:47:38","date_gmt":"2007-07-12T12:47:38","guid":{"rendered":"http:\/\/www.bluiswelt.de\/blog\/?p=341"},"modified":"2007-07-12T15:10:33","modified_gmt":"2007-07-12T13:10:33","slug":"neues-bloggertreffen","status":"publish","type":"post","link":"http:\/\/blog.bluiswelt.de\/?p=341","title":{"rendered":"Neues Bloggertreffen?"},"content":{"rendered":"<p>Da von einigen D\u00fcsseldorfer Bloggern der Wunsch auf kam mal wieder ein Treffen zu verantalten und irgendwie immer alle der Meinung sind ich w\u00fcrde das organisieren habe ich mir nun mal ein paar Gedanken gemacht.<\/p>\n<p>Zuerst einmal den <strong>Termin<\/strong>: Vorschlagen w\u00fcrde ich so ins blaue hin mal den 31. August. Das sollte zu einer Zeit sein in der in D\u00fcsseldorf alle derzeitigen Wochenendveranstaltungen gelaufen sind und au\u00dferdem noch nicht zu sp\u00e4t um gegebenenfalls noch drau\u00dfen zu sitzen.<\/p>\n<p>Dann der <strong>Ort<\/strong>: Nach R\u00fccksprache mit mehreren Bloggern bin ich zu dem Schluss gekommen das ganze wohl im <a title=\"Z-Kneipenrestaurant\" href=\"http:\/\/www.z-kneipenrestaurant.de\/\" target=\"_blank\">&#8222;Z&#8220;<\/a> in der Weseler Stra\u00dfe 1 zu veranstalten. Dort finden auch ein paar mehr Blogger Platz, weiterhin scheint die Musik dort nicht ganz so laut zu sein.<\/p>\n<p>Uhrzeit wieder wie letztes mal 19:00 Uhr?<\/p>\n<p>Als n\u00e4chstes einen auff\u00e4lligen <strong>Button<\/strong> (in 2 verschiedenen Gr\u00f6\u00dfen) den alle in Ihren Blogs verteilen k\u00f6nnen:<\/p>\n<p><img id=\"image340\" alt=\"Bloggertreffen 2\" src=\"http:\/\/www.bluiswelt.de\/blog\/wp-content\/uploads\/2007\/07\/bloggertreffen2.gif\" \/>\u00a0\u00a0\u00a0\u00a0\u00a0\u00a0\u00a0 <img id=\"image342\" alt=\"Bloggertreffen 2 klein\" src=\"http:\/\/www.bluiswelt.de\/blog\/wp-content\/uploads\/2007\/07\/bloggertreffen2b.gif\" \/><\/p>\n<p>Sind alle mit dem Termin einverstanden oder wollt ihr lieber einen anderen? Ich bin nat\u00fcrlich f\u00fcr weiter Vorschl\u00e4ge dankbar, egal ob Ort oder Datum. Allerdings sollte das Treffen noch vor dem 8. September stattfinden, danach wird es n\u00e4mlich f\u00fcr mehrere Blogger schwierig noch an dem Treffen teil zu nehmen. \ud83d\ude09<\/p>\n<p>Nun erwarte ich eure Kommentare&#8230;.<\/p>\n<p>\u00a0<\/p>\n<p>\u00a0<\/p>\n","protected":false},"excerpt":{"rendered":"<p>Da von einigen D\u00fcsseldorfer Bloggern der Wunsch auf kam mal wieder ein Treffen zu verantalten und irgendwie immer alle der Meinung sind ich w\u00fcrde das organisieren habe ich mir nun mal ein paar Gedanken gemacht. Zuerst einmal den Termin: Vorschlagen w\u00fcrde ich so ins blaue hin mal den 31. August. Das sollte zu einer Zeit [&hellip;]<\/p>\n","protected":false},"author":2,"featured_media":0,"comment_status":"open","ping_status":"open","sticky":false,"template":"","format":"standard","meta":{"spay_email":"","jetpack_publicize_message":"","jetpack_is_tweetstorm":false},"categories":[1],"tags":[],"jetpack_featured_media_url":"","jetpack_publicize_connections":[],"jetpack_sharing_enabled":true,"_links":{"self":[{"href":"http:\/\/blog.bluiswelt.de\/index.php?rest_route=\/wp\/v2\/posts\/341"}],"collection":[{"href":"http:\/\/blog.bluiswelt.de\/index.php?rest_route=\/wp\/v2\/posts"}],"about":[{"href":"http:\/\/blog.bluiswelt.de\/index.php?rest_route=\/wp\/v2\/types\/post"}],"author":[{"embeddable":true,"href":"http:\/\/blog.bluiswelt.de\/index.php?rest_route=\/wp\/v2\/users\/2"}],"replies":[{"embeddable":true,"href":"http:\/\/blog.bluiswelt.de\/index.php?rest_route=%2Fwp%2Fv2%2Fcomments&post=341"}],"version-history":[{"count":0,"href":"http:\/\/blog.bluiswelt.de\/index.php?rest_route=\/wp\/v2\/posts\/341\/revisions"}],"wp:attachment":[{"href":"http:\/\/blog.bluiswelt.de\/index.php?rest_route=%2Fwp%2Fv2%2Fmedia&parent=341"}],"wp:term":[{"taxonomy":"category","embeddable":true,"href":"http:\/\/blog.bluiswelt.de\/index.php?rest_route=%2Fwp%2Fv2%2Fcategories&post=341"},{"taxonomy":"post_tag","embeddable":true,"href":"http:\/\/blog.bluiswelt.de\/index.php?rest_route=%2Fwp%2Fv2%2Ftags&post=341"}],"curies":[{"name":"wp","href":"https:\/\/api.w.org\/{rel}","templated":true}]}}