{"id":232,"date":"2007-03-12T14:59:15","date_gmt":"2007-03-12T13:59:15","guid":{"rendered":"http:\/\/www.bluiswelt.de\/blog\/2007\/03\/12\/232\/"},"modified":"2007-03-12T14:59:15","modified_gmt":"2007-03-12T13:59:15","slug":"die-deutsche-sprache-ist-nicht-immer-ganz-klar","status":"publish","type":"post","link":"http:\/\/blog.bluiswelt.de\/?p=232","title":{"rendered":"Die deutsche Sprache ist nicht immer ganz klar"},"content":{"rendered":"<p>besonders wenn es beispielsweise\u00a0um dem neuzeitlichen Begriff <strong>Blog<\/strong> geht.<\/p>\n<p>\u00a0Vor ein paar Tagen kam hier bereits schon einmal eine kleine Diskussion auf ob es nun <em>Der Blog<\/em> oder <em>Das Blog<\/em> hei\u00dft.<\/p>\n<p>Nachdem ich mich durch diverse Blogs gelesen habe kommt mir die Erkl\u00e4rung, das es <em>das Blog<\/em> hei\u00dft eigentlich recht logisch vor. Aus diesem Grunde schlie\u00dfe ich mich mal den <strike>interlektuellen<\/strike> Lesern an und versuche ab heute auch <strong>Das Blog<\/strong> zu sagen. Damit ich mich auch regelm\u00e4\u00dfig dran erinnere baue ich hier nun zus\u00e4tzlich noch diesen Button<\/p>\n<p align=\"center\">\u00a0<img id=\"image233\" alt=\"Sag 'Das Blog'\" src=\"http:\/\/www.bluiswelt.de\/blog\/wp-content\/uploads\/2007\/03\/sagdasblog.jpg\" \/>\u00a0<\/p>\n<p>hier ein. Diverse Erkl\u00e4rungen das es nun auch wirklich <strong>Das Blog<\/strong> ist sind <a href=\"http:\/\/www.floriansteglich.de\/blog\/2007\/02\/06\/wer-ist-der-duden\/\">hier<\/a> zu finden.<\/p>\n","protected":false},"excerpt":{"rendered":"<p>besonders wenn es beispielsweise\u00a0um dem neuzeitlichen Begriff Blog geht. \u00a0Vor ein paar Tagen kam hier bereits schon einmal eine kleine Diskussion auf ob es nun Der Blog oder Das Blog hei\u00dft. Nachdem ich mich durch diverse Blogs gelesen habe kommt mir die Erkl\u00e4rung, das es das Blog hei\u00dft eigentlich recht logisch vor. Aus diesem Grunde [&hellip;]<\/p>\n","protected":false},"author":2,"featured_media":0,"comment_status":"open","ping_status":"open","sticky":false,"template":"","format":"standard","meta":{"spay_email":"","jetpack_publicize_message":"","jetpack_is_tweetstorm":false},"categories":[1],"tags":[],"jetpack_featured_media_url":"","jetpack_publicize_connections":[],"jetpack_sharing_enabled":true,"_links":{"self":[{"href":"http:\/\/blog.bluiswelt.de\/index.php?rest_route=\/wp\/v2\/posts\/232"}],"collection":[{"href":"http:\/\/blog.bluiswelt.de\/index.php?rest_route=\/wp\/v2\/posts"}],"about":[{"href":"http:\/\/blog.bluiswelt.de\/index.php?rest_route=\/wp\/v2\/types\/post"}],"author":[{"embeddable":true,"href":"http:\/\/blog.bluiswelt.de\/index.php?rest_route=\/wp\/v2\/users\/2"}],"replies":[{"embeddable":true,"href":"http:\/\/blog.bluiswelt.de\/index.php?rest_route=%2Fwp%2Fv2%2Fcomments&post=232"}],"version-history":[{"count":0,"href":"http:\/\/blog.bluiswelt.de\/index.php?rest_route=\/wp\/v2\/posts\/232\/revisions"}],"wp:attachment":[{"href":"http:\/\/blog.bluiswelt.de\/index.php?rest_route=%2Fwp%2Fv2%2Fmedia&parent=232"}],"wp:term":[{"taxonomy":"category","embeddable":true,"href":"http:\/\/blog.bluiswelt.de\/index.php?rest_route=%2Fwp%2Fv2%2Fcategories&post=232"},{"taxonomy":"post_tag","embeddable":true,"href":"http:\/\/blog.bluiswelt.de\/index.php?rest_route=%2Fwp%2Fv2%2Ftags&post=232"}],"curies":[{"name":"wp","href":"https:\/\/api.w.org\/{rel}","templated":true}]}}